{"id":348,"date":"2020-02-10T11:46:42","date_gmt":"2020-02-10T10:46:42","guid":{"rendered":"https:\/\/www.noitrento.it\/zonepastorali\/vallagarina\/?p=348"},"modified":"2020-10-28T11:47:13","modified_gmt":"2020-10-28T10:47:13","slug":"armando-aste-un-alpinista-tra-terra-e-cielo-venerdi-14-e-sabato-15-febbraio-a-rovereto","status":"publish","type":"post","link":"https:\/\/www.noitrento.it\/zonepastorali\/vallagarina\/2020\/02\/10\/armando-aste-un-alpinista-tra-terra-e-cielo-venerdi-14-e-sabato-15-febbraio-a-rovereto\/","title":{"rendered":"Armando Aste: un alpinista tra terra e cielo \u2013 venerd\u00ec 14 e sabato 15 febbraio a Rovereto"},"content":{"rendered":"<p>Molti gli eventi per ricordare Armando Aste, cittadino di Rovereto ed uno dei pi\u00f9 forti alpinisti italiani. Armando era un uomo molto sobrio e schivo e forse per questo poco conosciuto ai pi\u00f9, ma era molto apprezzato nell\u2019ambiente alpinistico sia per le sue capacit\u00e0 tecniche sia per le sue virt\u00f9 umane.<\/p>\n<ul>\n<li>Venerd\u00ec 14 febbraio ore 20.20 tavola rotonda presso l\u2019Auditorium della Scuola Primaria Filzi<\/li>\n<li>Sabato 15 febbraio ore 17.30 inaugurazione della mostra presso l\u2019Oratorio di Borgo Sacco<\/li>\n<li>Sabato 15 febbraio ore 20.30\u00a0<a href=\"https:\/\/www.noitrento.it\/wp-content\/uploads\/2020\/02\/EIGER.jpg\" target=\"_blank\" rel=\"noopener noreferrer\">lettura teatrale EIGER presso la Sala Filarmonica<\/a><\/li>\n<\/ul>\n<p>Durante tutti gli eventi saranno raccolti fondi per il CENTRE MEDICALE-MATERNITE\u2019 \u00a0Armando Aste di Buyengero, Burundi.<\/p>\n<p><a href=\"https:\/\/www.noitrento.it\/wp-content\/uploads\/2020\/02\/armando_aste.pdf\" target=\"_blank\" rel=\"noopener noreferrer\">Scarica qui la locandina con tutti gli eventi.<\/a><\/p>\n","protected":false},"excerpt":{"rendered":"<p>Molti gli eventi per ricordare Armando Aste, cittadino di Rovereto ed uno dei pi\u00f9 forti alpinisti italiani. Armando era un uomo molto sobrio e schivo e forse per questo poco conosciuto ai pi\u00f9, ma era molto apprezzato nell\u2019ambiente alpinistico sia per le sue capacit\u00e0 tecniche sia per le sue virt\u00f9 umane. Venerd\u00ec 14 febbraio ore <a href=\"https:\/\/www.noitrento.it\/zonepastorali\/vallagarina\/2020\/02\/10\/armando-aste-un-alpinista-tra-terra-e-cielo-venerdi-14-e-sabato-15-febbraio-a-rovereto\/\" rel=\"nofollow\"><span class=\"sr-only\">Leggi di pi\u00f9Armando Aste: un alpinista tra terra e cielo \u2013 venerd\u00ec 14 e sabato 15 febbraio a Rovereto<\/span>[&hellip;]<\/a><\/p>\n","protected":false},"author":1,"featured_media":349,"comment_status":"closed","ping_status":"closed","sticky":false,"template":"","format":"standard","meta":[],"categories":[1],"tags":[],"_links":{"self":[{"href":"https:\/\/www.noitrento.it\/zonepastorali\/vallagarina\/wp-json\/wp\/v2\/posts\/348"}],"collection":[{"href":"https:\/\/www.noitrento.it\/zonepastorali\/vallagarina\/wp-json\/wp\/v2\/posts"}],"about":[{"href":"https:\/\/www.noitrento.it\/zonepastorali\/vallagarina\/wp-json\/wp\/v2\/types\/post"}],"author":[{"embeddable":true,"href":"https:\/\/www.noitrento.it\/zonepastorali\/vallagarina\/wp-json\/wp\/v2\/users\/1"}],"replies":[{"embeddable":true,"href":"https:\/\/www.noitrento.it\/zonepastorali\/vallagarina\/wp-json\/wp\/v2\/comments?post=348"}],"version-history":[{"count":1,"href":"https:\/\/www.noitrento.it\/zonepastorali\/vallagarina\/wp-json\/wp\/v2\/posts\/348\/revisions"}],"predecessor-version":[{"id":350,"href":"https:\/\/www.noitrento.it\/zonepastorali\/vallagarina\/wp-json\/wp\/v2\/posts\/348\/revisions\/350"}],"wp:featuredmedia":[{"embeddable":true,"href":"https:\/\/www.noitrento.it\/zonepastorali\/vallagarina\/wp-json\/wp\/v2\/media\/349"}],"wp:attachment":[{"href":"https:\/\/www.noitrento.it\/zonepastorali\/vallagarina\/wp-json\/wp\/v2\/media?parent=348"}],"wp:term":[{"taxonomy":"category","embeddable":true,"href":"https:\/\/www.noitrento.it\/zonepastorali\/vallagarina\/wp-json\/wp\/v2\/categories?post=348"},{"taxonomy":"post_tag","embeddable":true,"href":"https:\/\/www.noitrento.it\/zonepastorali\/vallagarina\/wp-json\/wp\/v2\/tags?post=348"}],"curies":[{"name":"wp","href":"https:\/\/api.w.org\/{rel}","templated":true}]}}