{"id":285,"date":"2020-06-04T15:49:06","date_gmt":"2020-06-04T13:49:06","guid":{"rendered":"https:\/\/www.noitrento.it\/zonepastorali\/vallagarina\/?p=285"},"modified":"2020-10-21T15:53:57","modified_gmt":"2020-10-21T13:53:57","slug":"lostrambogrest","status":"publish","type":"post","link":"https:\/\/www.noitrento.it\/zonepastorali\/vallagarina\/2020\/06\/04\/lostrambogrest\/","title":{"rendered":"#lostrambogrest"},"content":{"rendered":"<p>Pi\u00f9 di un podcat GrEst<br \/>\nPi\u00f9 di Radio GrEst<br \/>\nPi\u00f9 di un\u2019occasione di stare insieme<br \/>\nPi\u00f9\u2026 di tutto quello che possiamo immaginare.<br \/>\nUna nuovissima avventura che porter\u00e0 ci\u00f2 che pi\u00f9 ci piace del GrEst direttamente nelle case e per le strade di Mori!<\/p>\n<p><a href=\"https:\/\/supergrest.wixsite.com\/up-grest\" target=\"_blank\" rel=\"noopener noreferrer\">Vedi il sito<\/a>\u00a0e\u00a0<a href=\"https:\/\/www.youtube.com\/channel\/UC1IGbzT40fCGMbBRjYWUpaA\" target=\"_blank\" rel=\"noopener noreferrer\">guarda il trailer.<\/a><\/p>\n<p><a href=\"https:\/\/www.youtube.com\/channel\/UC1IGbzT40fCGMbBRjYWUpaA\" target=\"_blank\" rel=\"noopener noreferrer\">Canale youtube del grest<\/a><\/p>\n<p><a href=\"https:\/\/www.noitrento.it\/wp-content\/uploads\/2020\/06\/Giochi-Parchi-5.pdf\" target=\"_blank\" rel=\"noopener noreferrer\">Qui<\/a>\u00a0puoi scaricare i giochi nei parchi.<\/p>\n<p>Tutte\u00a0<a href=\"https:\/\/www.noitrento.it\/wp-content\/uploads\/2020\/05\/strambo-grest.jpeg\" target=\"_blank\" rel=\"noopener noreferrer\">le info qui<\/a>.<\/p>\n<p>Ecco il messaggio del Gruppo Organizzativo GrEst: \u201cL\u2019emergenza Covid-19 ci ha insegnato tante cose, a noi volontari dell\u2019oratorio ha insegnato innanzitutto a non fermarci e a continuare a metterci a disposizione per i pi\u00f9 piccoli, che forse \u00e8 la cosa che ci riesce meglio.<br \/>\nI momenti di riflessione del GrEst di quest\u2019anno vorrebbero aiutare bambini, ragazzi ed adulti che parteciperanno a riscoprire ci\u00f2 che ci circonda, ad ascoltare ed osservare, a guardare in alto e dall\u2019alto per cambiare prospettiva, ma soprattutto a prenderci cura l\u2019uno dell\u2019altro.\u201d<\/p>\n<p><a href=\"https:\/\/www.noitrento.it\/wp-content\/uploads\/2020\/06\/RIFLESSIONE-GREST-2020.pdf\" target=\"_blank\" rel=\"noopener noreferrer\">Momenti di riflessione ed azione\u00a0<\/a><\/p>\n<hr \/>\n<p>L\u2019oratorio di Mori ha iniziato cos\u00ec la preparazione delle attivit\u00e0 estive e ha invitato gli animatori alla formazione.<\/p>\n<p><a href=\"https:\/\/www.noitrento.it\/wp-content\/uploads\/2020\/05\/98181.mp4\" target=\"_blank\" rel=\"noopener noreferrer\">Video<\/a>\u00a0per gli animatori<br \/>\n<a href=\"https:\/\/www.noitrento.it\/wp-content\/uploads\/2020\/05\/lostrambo.jpg\" target=\"_blank\" rel=\"noopener noreferrer\">Volantino<\/a>\u00a0grest<br \/>\n<a href=\"https:\/\/www.noitrento.it\/wp-content\/uploads\/2020\/05\/Sei-un-animatore.jpg\" target=\"_blank\" rel=\"noopener noreferrer\">Volantino<\/a>\u00a0iscrizione animatori<\/p>\n<p><a href=\"https:\/\/www.vitatrentina.it\/2020\/07\/03\/estate-2020-loratorio-di-mori-alza-la-grest\/?fbclid=IwAR2Rdy6fRbcGbcTRgNnudWecvELVBewhpyXq5jEh5bEJZq27_0fbypgogTo\" target=\"_blank\" rel=\"noopener noreferrer\">Articolo di Vita Trentina<\/a><\/p>\n","protected":false},"excerpt":{"rendered":"<p>Pi\u00f9 di un podcat GrEst Pi\u00f9 di Radio GrEst Pi\u00f9 di un\u2019occasione di stare insieme Pi\u00f9\u2026 di tutto quello che possiamo immaginare. Una nuovissima avventura che porter\u00e0 ci\u00f2 che pi\u00f9 ci piace del GrEst direttamente nelle case e per le strade di Mori! Vedi il sito\u00a0e\u00a0guarda il trailer. Canale youtube del grest Qui\u00a0puoi scaricare i <a href=\"https:\/\/www.noitrento.it\/zonepastorali\/vallagarina\/2020\/06\/04\/lostrambogrest\/\" rel=\"nofollow\"><span class=\"sr-only\">Leggi di pi\u00f9#lostrambogrest<\/span>[&hellip;]<\/a><\/p>\n","protected":false},"author":1,"featured_media":286,"comment_status":"closed","ping_status":"closed","sticky":false,"template":"","format":"standard","meta":[],"categories":[1],"tags":[],"_links":{"self":[{"href":"https:\/\/www.noitrento.it\/zonepastorali\/vallagarina\/wp-json\/wp\/v2\/posts\/285"}],"collection":[{"href":"https:\/\/www.noitrento.it\/zonepastorali\/vallagarina\/wp-json\/wp\/v2\/posts"}],"about":[{"href":"https:\/\/www.noitrento.it\/zonepastorali\/vallagarina\/wp-json\/wp\/v2\/types\/post"}],"author":[{"embeddable":true,"href":"https:\/\/www.noitrento.it\/zonepastorali\/vallagarina\/wp-json\/wp\/v2\/users\/1"}],"replies":[{"embeddable":true,"href":"https:\/\/www.noitrento.it\/zonepastorali\/vallagarina\/wp-json\/wp\/v2\/comments?post=285"}],"version-history":[{"count":1,"href":"https:\/\/www.noitrento.it\/zonepastorali\/vallagarina\/wp-json\/wp\/v2\/posts\/285\/revisions"}],"predecessor-version":[{"id":287,"href":"https:\/\/www.noitrento.it\/zonepastorali\/vallagarina\/wp-json\/wp\/v2\/posts\/285\/revisions\/287"}],"wp:featuredmedia":[{"embeddable":true,"href":"https:\/\/www.noitrento.it\/zonepastorali\/vallagarina\/wp-json\/wp\/v2\/media\/286"}],"wp:attachment":[{"href":"https:\/\/www.noitrento.it\/zonepastorali\/vallagarina\/wp-json\/wp\/v2\/media?parent=285"}],"wp:term":[{"taxonomy":"category","embeddable":true,"href":"https:\/\/www.noitrento.it\/zonepastorali\/vallagarina\/wp-json\/wp\/v2\/categories?post=285"},{"taxonomy":"post_tag","embeddable":true,"href":"https:\/\/www.noitrento.it\/zonepastorali\/vallagarina\/wp-json\/wp\/v2\/tags?post=285"}],"curies":[{"name":"wp","href":"https:\/\/api.w.org\/{rel}","templated":true}]}}