{"id":2520,"date":"2023-07-05T16:36:20","date_gmt":"2023-07-05T14:36:20","guid":{"rendered":"https:\/\/www.noitrento.it\/zonepastorali\/montagnagiovani\/?p=2520"},"modified":"2023-07-05T16:41:48","modified_gmt":"2023-07-05T14:41:48","slug":"16-luglio-2023","status":"publish","type":"post","link":"https:\/\/www.noitrento.it\/zonepastorali\/montagnagiovani\/2023\/07\/05\/16-luglio-2023\/","title":{"rendered":"16 luglio 2023"},"content":{"rendered":"<p>&#8220;Tra le cime di Rava&#8221; \u00e8 il giro ad anello che viene proposto come prima gita dell&#8217;estate.<\/p>\n<p>Il livello \u00e8 di media difficolt\u00e0 perch\u00e9 oltre a 1000 metri di dislivello, sono da considerare alcuni tratti esposti con cordino.<\/p>\n<p>Da Malga Sorgazza si prende il sentiero nel bosco verso il rifugio Cima d&#8217;Asta ma poco dopo si devia sulla sinistra lungo una mulattiera con una pendenza regolare, usciti dal bosco in breve si raggiunge la forcella delle Buse Todesche. Si scende poi fino a raggiungere la forcella Quarazza e passando per il lago di Costabrunella si ritorna a malga Sorgazza.<\/p>\n<p><a href=\"https:\/\/www.noitrento.it\/zonepastorali\/montagnagiovani\/wp-content\/uploads\/sites\/11\/2023\/07\/Cime-di-Rava.pdf\">Cime-di-Rava.pdf<\/a><\/p>\n","protected":false},"excerpt":{"rendered":"<p>&#8220;Tra le cime di Rava&#8221; \u00e8 il giro ad anello che viene proposto come prima gita dell&#8217;estate. Il livello \u00e8 di media difficolt\u00e0 perch\u00e9 oltre a 1000 metri di dislivello, sono da considerare alcuni tratti esposti con cordino. Da Malga Sorgazza si prende il sentiero nel bosco verso il rifugio Cima d&#8217;Asta ma poco dopo <a href=\"https:\/\/www.noitrento.it\/zonepastorali\/montagnagiovani\/2023\/07\/05\/16-luglio-2023\/\" rel=\"nofollow\"><span class=\"sr-only\">Leggi di pi\u00f916 luglio 2023<\/span>[&hellip;]<\/a><\/p>\n","protected":false},"author":6,"featured_media":0,"comment_status":"closed","ping_status":"closed","sticky":false,"template":"","format":"standard","meta":[],"categories":[16],"tags":[],"_links":{"self":[{"href":"https:\/\/www.noitrento.it\/zonepastorali\/montagnagiovani\/wp-json\/wp\/v2\/posts\/2520"}],"collection":[{"href":"https:\/\/www.noitrento.it\/zonepastorali\/montagnagiovani\/wp-json\/wp\/v2\/posts"}],"about":[{"href":"https:\/\/www.noitrento.it\/zonepastorali\/montagnagiovani\/wp-json\/wp\/v2\/types\/post"}],"author":[{"embeddable":true,"href":"https:\/\/www.noitrento.it\/zonepastorali\/montagnagiovani\/wp-json\/wp\/v2\/users\/6"}],"replies":[{"embeddable":true,"href":"https:\/\/www.noitrento.it\/zonepastorali\/montagnagiovani\/wp-json\/wp\/v2\/comments?post=2520"}],"version-history":[{"count":3,"href":"https:\/\/www.noitrento.it\/zonepastorali\/montagnagiovani\/wp-json\/wp\/v2\/posts\/2520\/revisions"}],"predecessor-version":[{"id":2524,"href":"https:\/\/www.noitrento.it\/zonepastorali\/montagnagiovani\/wp-json\/wp\/v2\/posts\/2520\/revisions\/2524"}],"wp:attachment":[{"href":"https:\/\/www.noitrento.it\/zonepastorali\/montagnagiovani\/wp-json\/wp\/v2\/media?parent=2520"}],"wp:term":[{"taxonomy":"category","embeddable":true,"href":"https:\/\/www.noitrento.it\/zonepastorali\/montagnagiovani\/wp-json\/wp\/v2\/categories?post=2520"},{"taxonomy":"post_tag","embeddable":true,"href":"https:\/\/www.noitrento.it\/zonepastorali\/montagnagiovani\/wp-json\/wp\/v2\/tags?post=2520"}],"curies":[{"name":"wp","href":"https:\/\/api.w.org\/{rel}","templated":true}]}}