{"id":1125,"date":"2020-03-02T19:29:12","date_gmt":"2020-03-02T18:29:12","guid":{"rendered":"https:\/\/www.noitrento.it\/zonepastorali\/montagnagiovani\/?p=1125"},"modified":"2020-09-14T18:28:17","modified_gmt":"2020-09-14T16:28:17","slug":"8-marzo-2020","status":"publish","type":"post","link":"https:\/\/www.noitrento.it\/zonepastorali\/montagnagiovani\/2020\/03\/02\/8-marzo-2020\/","title":{"rendered":"8 marzo 2020 &#8211; GITA ANNULLATA PER COVID-19"},"content":{"rendered":"<p>&nbsp;<\/p>\n<h2><strong>ATTENZIONE: Annullamento gita sul Monte Brento.<\/strong><\/h2>\n<p><strong>Con grande rammarico, dobbiamo annullare la gita proposta per domenica 8 marzo, a seguito dell&#8217;ultimo Decreto Ministeriale e le decisioni provinciali relative al Coronavirus.<\/strong><\/p>\n<p>&nbsp;<\/p>\n<p>&#8220;Festeggiamo la Festa della Donna.. cos\u00ec, nella natura.<\/p>\n<p>La proposta \u00e8 un giro ad anello con la meta pi\u00f9 alta, la cima Brento a metri 1545.<\/p>\n<p>Il monte Brento \u00e8 conosciuto per le sue pareti adatte agli amanti degli sport estremi, infatti dal Becco dell&#8217;Aquila si effettuano lanci con la tuta alare. E&#8217; diventata la seconda meta preferita dai jumper.<\/p>\n<p>Tranquilli, troppa adrenalina non fa per noi! Vi aspettiamo dunque per trascorrere una bella giornata di cammino in compagnia, ma senza alcun rischio per la nostra incolumit\u00e0&#8221;.<\/p>\n<p><a class=\"link-to-pdf\" title=\"MonteBrento.pdf\" href=\"https:\/\/www.noitrento.it\/zonepastorali\/montagnagiovani\/wp-content\/uploads\/sites\/11\/2020\/03\/MonteBrento.pdf\" target=\"_blank\" rel=\"attachment noopener wp-att-1126 noreferrer\"><img decoding=\"async\" loading=\"lazy\" class=\"alignnone size-medium wp-image-1127 thumb-of-pdf\" src=\"https:\/\/www.noitrento.it\/zonepastorali\/montagnagiovani\/wp-content\/uploads\/sites\/11\/2020\/03\/MonteBrento-pdf-212x300.jpg\" alt=\"thumbnail of MonteBrento\" width=\"212\" height=\"300\" srcset=\"https:\/\/www.noitrento.it\/zonepastorali\/montagnagiovani\/wp-content\/uploads\/sites\/11\/2020\/03\/MonteBrento-pdf-212x300.jpg 212w, https:\/\/www.noitrento.it\/zonepastorali\/montagnagiovani\/wp-content\/uploads\/sites\/11\/2020\/03\/MonteBrento-pdf-724x1024.jpg 724w, https:\/\/www.noitrento.it\/zonepastorali\/montagnagiovani\/wp-content\/uploads\/sites\/11\/2020\/03\/MonteBrento-pdf-768x1087.jpg 768w, https:\/\/www.noitrento.it\/zonepastorali\/montagnagiovani\/wp-content\/uploads\/sites\/11\/2020\/03\/MonteBrento-pdf.jpg 1058w\" sizes=\"(max-width: 212px) 100vw, 212px\" \/><\/a><\/p>\n<div class=\"thumb tleft\">\n<div class=\"thumbinner\">\n<div class=\"thumbcaption\"><\/div>\n<\/div>\n<\/div>\n<p>&nbsp;<\/p>\n","protected":false},"excerpt":{"rendered":"<p>&nbsp; ATTENZIONE: Annullamento gita sul Monte Brento. Con grande rammarico, dobbiamo annullare la gita proposta per domenica 8 marzo, a seguito dell&#8217;ultimo Decreto Ministeriale e le decisioni provinciali relative al Coronavirus. &nbsp; &#8220;Festeggiamo la Festa della Donna.. cos\u00ec, nella natura. La proposta \u00e8 un giro ad anello con la meta pi\u00f9 alta, la cima Brento <a href=\"https:\/\/www.noitrento.it\/zonepastorali\/montagnagiovani\/2020\/03\/02\/8-marzo-2020\/\" rel=\"nofollow\"><span class=\"sr-only\">Leggi di pi\u00f98 marzo 2020 &#8211; GITA ANNULLATA PER COVID-19<\/span>[&hellip;]<\/a><\/p>\n","protected":false},"author":6,"featured_media":0,"comment_status":"closed","ping_status":"closed","sticky":false,"template":"","format":"standard","meta":[],"categories":[11],"tags":[],"_links":{"self":[{"href":"https:\/\/www.noitrento.it\/zonepastorali\/montagnagiovani\/wp-json\/wp\/v2\/posts\/1125"}],"collection":[{"href":"https:\/\/www.noitrento.it\/zonepastorali\/montagnagiovani\/wp-json\/wp\/v2\/posts"}],"about":[{"href":"https:\/\/www.noitrento.it\/zonepastorali\/montagnagiovani\/wp-json\/wp\/v2\/types\/post"}],"author":[{"embeddable":true,"href":"https:\/\/www.noitrento.it\/zonepastorali\/montagnagiovani\/wp-json\/wp\/v2\/users\/6"}],"replies":[{"embeddable":true,"href":"https:\/\/www.noitrento.it\/zonepastorali\/montagnagiovani\/wp-json\/wp\/v2\/comments?post=1125"}],"version-history":[{"count":11,"href":"https:\/\/www.noitrento.it\/zonepastorali\/montagnagiovani\/wp-json\/wp\/v2\/posts\/1125\/revisions"}],"predecessor-version":[{"id":1171,"href":"https:\/\/www.noitrento.it\/zonepastorali\/montagnagiovani\/wp-json\/wp\/v2\/posts\/1125\/revisions\/1171"}],"wp:attachment":[{"href":"https:\/\/www.noitrento.it\/zonepastorali\/montagnagiovani\/wp-json\/wp\/v2\/media?parent=1125"}],"wp:term":[{"taxonomy":"category","embeddable":true,"href":"https:\/\/www.noitrento.it\/zonepastorali\/montagnagiovani\/wp-json\/wp\/v2\/categories?post=1125"},{"taxonomy":"post_tag","embeddable":true,"href":"https:\/\/www.noitrento.it\/zonepastorali\/montagnagiovani\/wp-json\/wp\/v2\/tags?post=1125"}],"curies":[{"name":"wp","href":"https:\/\/api.w.org\/{rel}","templated":true}]}}